{"id":9196,"date":"2020-05-19T19:14:27","date_gmt":"2020-05-19T17:14:27","guid":{"rendered":"https:\/\/www.enricobonino.com\/?p=9196"},"modified":"2020-05-19T19:42:16","modified_gmt":"2020-05-19T17:42:16","slug":"ritorno-al-futuro","status":"publish","type":"post","link":"https:\/\/www.enricobonino.com\/en\/ritorno-al-futuro.html","title":{"rendered":"Ritorno al futuro"},"content":{"rendered":"<p>Direi che il titolo \u00e8 appropriato alla situazione attuale, talmente surreale che parlare di passato sarebbe illogico, dato che cosa ci aspetta a breve termine sar\u00e0 qualcosa di diverso. Ma possiamo cogliere l&#8217;occasione perch\u00e9 questa diversit\u00e0 non sia necessariamente meno bella, e provare a trasformarla, nel nostro piccolo, in qualcosa di nuovo e stimolante.<\/p>\n<p>Con Domenico cogliamo subito la palla al balzo per andare ad esplorare una zona a lui sconosciuta, ma anche uno dei posti a cui sono pi\u00f9 affezionato: il rifugio Monzino. Al momento non \u00e8 gestito (&#8230;e quanto ci \u00e8 mancata la carbonara di Maurino!!!) ma son stati gentili a lasciarci il calcetto nel locale invernale. Alla fine \u00e8 stato un vero scambio professionale: io gli insegnavo le manovre di corda e lui mi stracciava al calcio balilla e a Genepy \ud83d\ude42 <br \/>\nPassato indenni il primo giorno, \u00e8 arrivato il secondo, dove si fa sul serio. Come sempre la meteo \u00e8 cambiata 10 volte in 24h e la notte \u00e8 stata parzialmente nuvolosa. Quindi la neve la mattina era solo parzialmente rigelata lasciandomi qualche dubbio sulla fattibilit\u00e0 della salita. Decido di partire per la nostra meta con l&#8217;idea di valutare ad ogni step le condizioni di sicurezza e decidere in corso d&#8217;opera se proseguire o ritirarci. Domenico \u00e8 d&#8217;accordo con me sull&#8217;approccio da seguire, quindi si va. Qualche nuvola in pi\u00f9 del previsto protegge i pendii dal Sole diretto, e con qualche variante sul tema raggiungiamo la vetta al momento giusto: le nuvole lasciano il posto ad un cielo blu da urlo, e le condizioni semi invernali fanno da ciliegina sulla torta. La vetta dell&#8217;Aiguille Croux \u00e8 uno dei posti pi\u00f9 panoramici del massiccio del Monte Bianco, non si pu\u00f2 che rimanere a bocca aperta. Giusto il tempo di due foto e ci tocca scendere, abbiamo una tempistica di sicurezza da rispettare. Un paio di chiodi e qualche cordone ci aiutano per la discesa; quando affronti un terreno in condizioni &#8220;fuori dagli schemi&#8221; \u00e8 meglio avere qualche gadget in pi\u00f9 nello zaino. In breve scendiamo fino allo spartiacque con il ghiacciaio del Brouillard, dove avevamo lasciato il materiale da bivacco, e ci godiamo lo spettacolo della natura. E&#8217; solo un arrivederci, questo magico panorama ha stimolato nuovi obbiettivi per entrambi. La prossima volta, magari, con la super accoglienza di Mauro in rifugio.\u00a0<\/p>\n<p>Non \u00e8 certo mia intenzione sminuire la situazione o il lavoro altrui, anzi, ho grande rispetto per le problematiche attuali, le vivo purtroppo in prima persona. Ma questa mancanza di mezzi e strutture ricettive possono darci la possibilit\u00e0 di riscoprire un alpinismo selvaggio e di ricerca al quale ci siamo un p\u00f2 disabituati, andando sempre a colpo sicuro e con tutte le agevolazioni del caso. Chi quest&#8217;anno avr\u00e0 voglia di condividere con me la montagna si prepari alla vera avventura, lontano dai sentieri pi\u00f9 battuti e dalle vie pi\u00f9 percorse. Non \u00e8 poi detto che oltre all&#8217;imbrago non ci serva anche un sacco a pelo&#8230; a buon intenditor \ud83d\ude42<\/p>\n","protected":false},"excerpt":{"rendered":"<p>Direi che il titolo \u00e8 appropriato alla situazione attuale, talmente surreale che parlare di passato sarebbe illogico, dato che cosa ci aspetta a breve termine sar\u00e0 qualcosa di diverso. Ma possiamo cogliere l&#8217;occasione perch\u00e9 questa diversit\u00e0 non sia necessariamente meno bella, e provare a trasformarla, nel nostro piccolo, in qualcosa di nuovo e stimolante. Con [&hellip;]<\/p>\n","protected":false},"author":2,"featured_media":9199,"comment_status":"closed","ping_status":"closed","sticky":false,"template":"","format":"standard","meta":{"_acf_changed":false,"_et_pb_use_builder":"","_et_pb_old_content":"","_et_gb_content_width":"","footnotes":""},"categories":[59],"tags":[103,109,106,108,105,102,107,104],"class_list":["post-9196","post","type-post","status-publish","format-standard","has-post-thumbnail","hentry","category-blog-en","tag-aiguille-croux","tag-brouillard","tag-enrico-bonino","tag-freney","tag-guida-alpina","tag-monte-bianco","tag-mountain-guide","tag-pilone-centrale"],"acf":[],"_links":{"self":[{"href":"https:\/\/www.enricobonino.com\/en\/wp-json\/wp\/v2\/posts\/9196","targetHints":{"allow":["GET"]}}],"collection":[{"href":"https:\/\/www.enricobonino.com\/en\/wp-json\/wp\/v2\/posts"}],"about":[{"href":"https:\/\/www.enricobonino.com\/en\/wp-json\/wp\/v2\/types\/post"}],"author":[{"embeddable":true,"href":"https:\/\/www.enricobonino.com\/en\/wp-json\/wp\/v2\/users\/2"}],"replies":[{"embeddable":true,"href":"https:\/\/www.enricobonino.com\/en\/wp-json\/wp\/v2\/comments?post=9196"}],"version-history":[{"count":0,"href":"https:\/\/www.enricobonino.com\/en\/wp-json\/wp\/v2\/posts\/9196\/revisions"}],"wp:featuredmedia":[{"embeddable":true,"href":"https:\/\/www.enricobonino.com\/en\/wp-json\/wp\/v2\/media\/9199"}],"wp:attachment":[{"href":"https:\/\/www.enricobonino.com\/en\/wp-json\/wp\/v2\/media?parent=9196"}],"wp:term":[{"taxonomy":"category","embeddable":true,"href":"https:\/\/www.enricobonino.com\/en\/wp-json\/wp\/v2\/categories?post=9196"},{"taxonomy":"post_tag","embeddable":true,"href":"https:\/\/www.enricobonino.com\/en\/wp-json\/wp\/v2\/tags?post=9196"}],"curies":[{"name":"wp","href":"https:\/\/api.w.org\/{rel}","templated":true}]}}