{"id":2790,"date":"2017-07-02T09:33:31","date_gmt":"2017-07-02T07:33:31","guid":{"rendered":"https:\/\/enricobonino.devel07.com\/?p=2790"},"modified":"2020-02-14T09:35:28","modified_gmt":"2020-02-14T08:35:28","slug":"maison-della-montagne","status":"publish","type":"post","link":"https:\/\/www.enricobonino.com\/en\/maison-della-montagne.html","title":{"rendered":"Maison della Montagne"},"content":{"rendered":"<p>Ciao a tutti!<\/p>\n<p>Eccomi finalmente dopo un lungo periodo di assenza dal blog. Non \u00e8 certo stata la carenza di attivit\u00e0 a tenermi lontano, bens\u00ec la mancanza di tempo. In questi mesi, la mia compagna Ilaria ed io abbiamo lavorato sodo per ampliare il nostro servizio al turista e all&#8217;alpinista. Da oggi siamo non solo in grado di offrire la nostra professionalit\u00e0 per accompagnarvi lungo itinerari alpinistici, arrampicate, viaggi, gite di sci alpinismo, freeride, ed insegnarvi a sciare dalle basi fino al perfezionamento, ma anche di accogliervi in una struttura ricettiva accogliente e studiata per voi.<\/p>\n<p>Ecco quindi la piccola realizzazione di un sogno: siamo lieti di presentarvi il B&amp;b &#8220;MAISON DE LA MONTAGNE&#8221;. Presso il nostro centro potrete trovare tranquillit\u00e0, qualit\u00e0 del servizio, confort, informazioni turistiche ed alpinistiche sulla Valle d&#8217;Aosta, e cibo genuino.<\/p>\n<p>Ad attendervi ci saranno 2 stanze matrimoniali con terzo letto (oppure lettino o culla), bagno e doccia privati, ingresso autonomo, 2 locali esterni per stipare e asciugare il materiale sportivo. La struttura \u00e8 prossima a tutti i servizi di prima necessit\u00e0, ai trasporti e a ristoranti d&#8217;ogni genere.<\/p>\n<p>Visitate il nostro sito internet: www.maisondelamontagne.net<\/p>\n<p>o contattateci al tel: 333-20.29.837<\/p>\n<p>Vi aspettiamo!<\/p>\n<p>Enrico e Ilaria<\/p>\n","protected":false},"excerpt":{"rendered":"<p>Ciao a tutti! Eccomi finalmente dopo un lungo periodo di assenza dal blog. Non \u00e8 certo stata la carenza di attivit\u00e0 a tenermi lontano, bens\u00ec la mancanza di tempo. In questi mesi, la mia compagna Ilaria ed io abbiamo lavorato sodo per ampliare il nostro servizio al turista e all&#8217;alpinista. Da oggi siamo non solo [&hellip;]<\/p>\n","protected":false},"author":2,"featured_media":2791,"comment_status":"closed","ping_status":"closed","sticky":false,"template":"","format":"standard","meta":{"_acf_changed":false,"_et_pb_use_builder":"","_et_pb_old_content":"","_et_gb_content_width":"","footnotes":""},"categories":[8],"tags":[],"class_list":["post-2790","post","type-post","status-publish","format-standard","has-post-thumbnail","hentry","category-blog"],"acf":[],"_links":{"self":[{"href":"https:\/\/www.enricobonino.com\/en\/wp-json\/wp\/v2\/posts\/2790","targetHints":{"allow":["GET"]}}],"collection":[{"href":"https:\/\/www.enricobonino.com\/en\/wp-json\/wp\/v2\/posts"}],"about":[{"href":"https:\/\/www.enricobonino.com\/en\/wp-json\/wp\/v2\/types\/post"}],"author":[{"embeddable":true,"href":"https:\/\/www.enricobonino.com\/en\/wp-json\/wp\/v2\/users\/2"}],"replies":[{"embeddable":true,"href":"https:\/\/www.enricobonino.com\/en\/wp-json\/wp\/v2\/comments?post=2790"}],"version-history":[{"count":0,"href":"https:\/\/www.enricobonino.com\/en\/wp-json\/wp\/v2\/posts\/2790\/revisions"}],"wp:featuredmedia":[{"embeddable":true,"href":"https:\/\/www.enricobonino.com\/en\/wp-json\/wp\/v2\/media\/2791"}],"wp:attachment":[{"href":"https:\/\/www.enricobonino.com\/en\/wp-json\/wp\/v2\/media?parent=2790"}],"wp:term":[{"taxonomy":"category","embeddable":true,"href":"https:\/\/www.enricobonino.com\/en\/wp-json\/wp\/v2\/categories?post=2790"},{"taxonomy":"post_tag","embeddable":true,"href":"https:\/\/www.enricobonino.com\/en\/wp-json\/wp\/v2\/tags?post=2790"}],"curies":[{"name":"wp","href":"https:\/\/api.w.org\/{rel}","templated":true}]}}