{"id":2070,"date":"2011-05-23T12:11:40","date_gmt":"2011-05-23T10:11:40","guid":{"rendered":"https:\/\/enricobonino.devel07.com\/fletschorn-parete-nord.html"},"modified":"2020-02-13T15:19:33","modified_gmt":"2020-02-13T14:19:33","slug":"fletschorn-parete-nord","status":"publish","type":"post","link":"https:\/\/www.enricobonino.com\/en\/fletschorn-parete-nord.html","title":{"rendered":"Fletschorn &#8211; Parete Nord"},"content":{"rendered":"<p>Il collega Mauro Soregaroli \u00e8 stato il 21 maggio nella zona del Fletschorn e ha sciato la bellissima parete Nord. Ecco di seguito il suo report. \u00c8 proprio il caso di dirlo: Carpe diem! Grandiosa discesa colta al momento. Saliti da Saas Balen con ottime condizioni sia per tracciare che per le condizioni del ghiacciaio. Al colletto d\u0092uscita vediamo tre che stanno salendo dalla Nord in ottime condizioni, chiediamo come sia e ci dicono che la parete Nord \u00e8 bella e senza ghiaccio, ma che loro scendono da dove siamo saliti noi. Io e Marco ci guardiamo negli occhi e capiamo al volo che un\u0092occasione cos\u00ec non la si pu\u00f2 lasciare, nonostante le titubanze del buon Luigi. Dopo essere saliti in vetta e calzati gli sci sulla cima ci tuffiamo sulla Nord sotto una fitta nevicata inaspettata grazie al solito cumulo fantozziano! Nei primi 100 m di dislivello la neve \u00e8 molto dura, ma non affiora ghiaccio vivo. Poi, prendendo i tratti via via pi\u00f9 ampi coperti dalla neve fresca la sciata diventa incredibilmente sempre pi\u00f9 fluida. Splendida discesa sostenuta per tutta la parete fino alla terminale, poi passati dal Bivacco De Zen si scende ancora con gli sci fino a 2200 m circa. In mezz&#8217;oretta a piedi all&#8217;alpeggio di Rosseboden dove aspettiamo il buon Luigi (sceso per la normale) che ci viene a prendere.<\/p>\n","protected":false},"excerpt":{"rendered":"<p>Il collega Mauro Soregaroli \u00e8 stato il 21 maggio nella zona del Fletschorn e ha sciato la bellissima parete Nord. Ecco di seguito il suo report. \u00c8 proprio il caso di dirlo: Carpe diem! Grandiosa discesa colta al momento. Saliti da Saas Balen con ottime condizioni sia per tracciare che per le condizioni del ghiacciaio. [&hellip;]<\/p>\n","protected":false},"author":2,"featured_media":2071,"comment_status":"closed","ping_status":"closed","sticky":false,"template":"","format":"standard","meta":{"_acf_changed":false,"_et_pb_use_builder":"","_et_pb_old_content":"","_et_gb_content_width":"","footnotes":""},"categories":[8,13],"tags":[],"class_list":["post-2070","post","type-post","status-publish","format-standard","has-post-thumbnail","hentry","category-blog","category-sci-alpinismo"],"acf":[],"_links":{"self":[{"href":"https:\/\/www.enricobonino.com\/en\/wp-json\/wp\/v2\/posts\/2070","targetHints":{"allow":["GET"]}}],"collection":[{"href":"https:\/\/www.enricobonino.com\/en\/wp-json\/wp\/v2\/posts"}],"about":[{"href":"https:\/\/www.enricobonino.com\/en\/wp-json\/wp\/v2\/types\/post"}],"author":[{"embeddable":true,"href":"https:\/\/www.enricobonino.com\/en\/wp-json\/wp\/v2\/users\/2"}],"replies":[{"embeddable":true,"href":"https:\/\/www.enricobonino.com\/en\/wp-json\/wp\/v2\/comments?post=2070"}],"version-history":[{"count":0,"href":"https:\/\/www.enricobonino.com\/en\/wp-json\/wp\/v2\/posts\/2070\/revisions"}],"wp:featuredmedia":[{"embeddable":true,"href":"https:\/\/www.enricobonino.com\/en\/wp-json\/wp\/v2\/media\/2071"}],"wp:attachment":[{"href":"https:\/\/www.enricobonino.com\/en\/wp-json\/wp\/v2\/media?parent=2070"}],"wp:term":[{"taxonomy":"category","embeddable":true,"href":"https:\/\/www.enricobonino.com\/en\/wp-json\/wp\/v2\/categories?post=2070"},{"taxonomy":"post_tag","embeddable":true,"href":"https:\/\/www.enricobonino.com\/en\/wp-json\/wp\/v2\/tags?post=2070"}],"curies":[{"name":"wp","href":"https:\/\/api.w.org\/{rel}","templated":true}]}}