{"id":1756,"date":"2019-01-10T10:03:16","date_gmt":"2019-01-10T09:03:16","guid":{"rendered":"https:\/\/enricobonino.devel07.com\/stalattite-di-cristallo.html"},"modified":"2020-03-14T23:06:19","modified_gmt":"2020-03-14T22:06:19","slug":"stalattite-di-cristallo","status":"publish","type":"post","link":"https:\/\/www.enricobonino.com\/en\/stalattite-di-cristallo.html","title":{"rendered":"Stalattite di Cristallo"},"content":{"rendered":"<p>Anche oggi in giro a fare il carpentiere. Questa volta forse pi\u00f9 per la durezza del ghiaccio post freddo improvviso che per la carpenteria vera e propria.<\/p>\n<div>\n<p>Era ormai un lontano ricordo -10 al parcheggio della Valeille, ma questa mattina era cos\u00ec. Purtroppo il continuo vento dei giorni scorsi ed il freddo improvviso hanno disidratato e cementato le colate presenti. Dopo un&#8217;accurata analisi al binocolo oggi ci siamo diretti a Stalattite di Cristallo che ci ha riservato una bella sorpresa: la parte bassa, ovvero quella che dalle foto sembra sottile e delicata, si \u00e8 rivelata solida e ben proteggibile; l&#8217;uscita sul tubo, ovvero quella che dal binocolo sembrava la pi\u00f9 solida si \u00e8 rivelato un bel bastone! Devo dire che non ho mai trovato ghiaccio meraviglioso su questa cascata, ma oggi era davvero&#8230;come dire&#8230; cemento esplosivo. La colata \u00e8 ad oggi solida e ben incollata alla parete, gli ultimi 10 m per\u00f2 sono a conformazione multistrato non proprio coesi tra loro, quindi proteggibili con difficolt\u00e0 e scalabili solo con buon occhio ed esperienza. Comunque adesso \u00e8 abbastanza pulita <img decoding=\"async\" src=\"https:\/\/www.enricobonino.com\/wp-content\/uploads\/2020\/02\/smil3dbd4e398ff7b.gif\" alt=\"\" \/><\/p>\n<p>Come potete vedere dalle foto qui sotto la sosta aveva bisogno di un &#8220;restyling&#8221; e ne ho approfittato per portare avanti l&#8217;opera di rinnovo degli ancoraggi. Utilizzato materiale Climbingtechnology fix inox 90x10mm. Grazie a Ilaria per la pazienza e la tenacia!<\/p>\n<p>Buone salite a tutti!<\/p>\n<\/div>\n","protected":false},"excerpt":{"rendered":"<p>Anche oggi in giro a fare il carpentiere. Questa volta forse pi\u00f9 per la durezza del ghiaccio post freddo improvviso che per la carpenteria vera e propria. Era ormai un lontano ricordo -10 al parcheggio della Valeille, ma questa mattina era cos\u00ec. Purtroppo il continuo vento dei giorni scorsi ed il freddo improvviso hanno disidratato [&hellip;]<\/p>\n","protected":false},"author":2,"featured_media":1758,"comment_status":"closed","ping_status":"closed","sticky":false,"template":"","format":"standard","meta":{"_acf_changed":false,"_et_pb_use_builder":"","_et_pb_old_content":"","_et_gb_content_width":"","footnotes":""},"categories":[8,12],"tags":[],"class_list":["post-1756","post","type-post","status-publish","format-standard","has-post-thumbnail","hentry","category-blog","category-ghiaccio"],"acf":[],"_links":{"self":[{"href":"https:\/\/www.enricobonino.com\/en\/wp-json\/wp\/v2\/posts\/1756","targetHints":{"allow":["GET"]}}],"collection":[{"href":"https:\/\/www.enricobonino.com\/en\/wp-json\/wp\/v2\/posts"}],"about":[{"href":"https:\/\/www.enricobonino.com\/en\/wp-json\/wp\/v2\/types\/post"}],"author":[{"embeddable":true,"href":"https:\/\/www.enricobonino.com\/en\/wp-json\/wp\/v2\/users\/2"}],"replies":[{"embeddable":true,"href":"https:\/\/www.enricobonino.com\/en\/wp-json\/wp\/v2\/comments?post=1756"}],"version-history":[{"count":0,"href":"https:\/\/www.enricobonino.com\/en\/wp-json\/wp\/v2\/posts\/1756\/revisions"}],"wp:featuredmedia":[{"embeddable":true,"href":"https:\/\/www.enricobonino.com\/en\/wp-json\/wp\/v2\/media\/1758"}],"wp:attachment":[{"href":"https:\/\/www.enricobonino.com\/en\/wp-json\/wp\/v2\/media?parent=1756"}],"wp:term":[{"taxonomy":"category","embeddable":true,"href":"https:\/\/www.enricobonino.com\/en\/wp-json\/wp\/v2\/categories?post=1756"},{"taxonomy":"post_tag","embeddable":true,"href":"https:\/\/www.enricobonino.com\/en\/wp-json\/wp\/v2\/tags?post=1756"}],"curies":[{"name":"wp","href":"https:\/\/api.w.org\/{rel}","templated":true}]}}