{"id":1571,"date":"2015-12-08T09:29:19","date_gmt":"2015-12-08T08:29:19","guid":{"rendered":"https:\/\/enricobonino.devel07.com\/exociuc.html"},"modified":"2020-03-13T17:10:29","modified_gmt":"2020-03-13T16:10:29","slug":"exociuc","status":"publish","type":"post","link":"https:\/\/www.enricobonino.com\/en\/exociuc.html","title":{"rendered":"Exociuc! ramo di dx"},"content":{"rendered":"<p>Ramo di sinistra: prima salita 25\/12\/2014 Enrico Bonino e Tiziana Parru<\/p>\n<div>\n<p>Ramo di destra: prima salita 8\/12\/2015 Enrico Bonino, Ilaria Sonatore, Ambrogio Leopardi<\/p>\n<p>Dopo la fortunata prima salita del ramo di sinistra dell&#8217;anno scorso, il giorno di Natale, quest&#8217;anno torno in questo bell&#8217;angolo della Valgrisenche con Ilaria e Ambrogio per salire il ramo di destra di Exociuc! Altri due tiri nuovi si aggiungono quindi alla linea originale: il primo caratterizzato da un ripido muro iniziale ed un&#8217;uscita aerea tra muro e frangia; il secondo in una stretta ed estetica goulottina con qualche passo di misto. La via \u00e8 stata immediatamente ripetuta da Edoardo Colombo, Chiara Jaccod, Roger Bovard e Deborah Bionaz. Ieri con Ilaria abbiamo anche salito la cascata del Giasson WI3. Tutto il settore \u00e8 in ottime &#8220;temporanee&#8221; condizioni. Il caldo si sta facendo sentire e per ora l&#8217;avvicinamento \u00e8 velocizzato dalla possibilit\u00e0 di salire con mezzi 4&#215;4. Sito da evitare in caso di grandi nevicate!!! Il candelone di Chalet \u00e8 crollato.<\/p>\n<p><strong>Climbing Technology; Scarpa Spa; Millet &#8211; Mountain by Experience; Baroli Sport Villeneuve #teamCTclimb<\/strong><\/p>\n<p>&nbsp;<\/p>\n<\/div>\n","protected":false},"excerpt":{"rendered":"<p>Ramo di sinistra: prima salita 25\/12\/2014 Enrico Bonino e Tiziana Parru Ramo di destra: prima salita 8\/12\/2015 Enrico Bonino, Ilaria Sonatore, Ambrogio Leopardi Dopo la fortunata prima salita del ramo di sinistra dell&#8217;anno scorso, il giorno di Natale, quest&#8217;anno torno in questo bell&#8217;angolo della Valgrisenche con Ilaria e Ambrogio per salire il ramo di destra [&hellip;]<\/p>\n","protected":false},"author":2,"featured_media":1572,"comment_status":"closed","ping_status":"closed","sticky":false,"template":"","format":"standard","meta":{"_acf_changed":false,"_et_pb_use_builder":"","_et_pb_old_content":"","_et_gb_content_width":"","footnotes":""},"categories":[8,12],"tags":[],"class_list":["post-1571","post","type-post","status-publish","format-standard","has-post-thumbnail","hentry","category-blog","category-ghiaccio"],"acf":[],"_links":{"self":[{"href":"https:\/\/www.enricobonino.com\/en\/wp-json\/wp\/v2\/posts\/1571","targetHints":{"allow":["GET"]}}],"collection":[{"href":"https:\/\/www.enricobonino.com\/en\/wp-json\/wp\/v2\/posts"}],"about":[{"href":"https:\/\/www.enricobonino.com\/en\/wp-json\/wp\/v2\/types\/post"}],"author":[{"embeddable":true,"href":"https:\/\/www.enricobonino.com\/en\/wp-json\/wp\/v2\/users\/2"}],"replies":[{"embeddable":true,"href":"https:\/\/www.enricobonino.com\/en\/wp-json\/wp\/v2\/comments?post=1571"}],"version-history":[{"count":0,"href":"https:\/\/www.enricobonino.com\/en\/wp-json\/wp\/v2\/posts\/1571\/revisions"}],"wp:featuredmedia":[{"embeddable":true,"href":"https:\/\/www.enricobonino.com\/en\/wp-json\/wp\/v2\/media\/1572"}],"wp:attachment":[{"href":"https:\/\/www.enricobonino.com\/en\/wp-json\/wp\/v2\/media?parent=1571"}],"wp:term":[{"taxonomy":"category","embeddable":true,"href":"https:\/\/www.enricobonino.com\/en\/wp-json\/wp\/v2\/categories?post=1571"},{"taxonomy":"post_tag","embeddable":true,"href":"https:\/\/www.enricobonino.com\/en\/wp-json\/wp\/v2\/tags?post=1571"}],"curies":[{"name":"wp","href":"https:\/\/api.w.org\/{rel}","templated":true}]}}