{"id":1519,"date":"2012-02-16T09:14:18","date_gmt":"2012-02-16T08:14:18","guid":{"rendered":"https:\/\/enricobonino.devel07.com\/cohesio-0-valsavarenche.html"},"modified":"2020-03-13T15:10:13","modified_gmt":"2020-03-13T14:10:13","slug":"cohesio-0-valsavarenche","status":"publish","type":"post","link":"https:\/\/www.enricobonino.com\/en\/cohesio-0-valsavarenche.html","title":{"rendered":"Cohesio 0 &#8211; Valsavarenche"},"content":{"rendered":"<p>Cosa dire? Ormai \u00e8 una corsa alla chicca di stagione\u2026 La breve parentesi polare \u00e8 finita, questa mattina le temperature toccavano gli 8 gradi alle 7:30. Un giorno ci si crede in Alaska e un giorno ai tropici! Un clima davvero strano! Le velleit\u00e0 di salire prima Pape Satan si sono subito spente, e la macchina ha preso senza indugio la direzione della Valsavarenche.<\/p>\n<div>\n<p>Era quasi un anno ormai che non uscivamo con Max dopo le belle avventure dell\u2019anno scorso: les Jorasses, i Drus, il Badile, l&#8217;Eiger, les Droites, e poi tutto si ferm\u00f2 improvvisamente alla base della falesia di Salinella, in Sicilia. \u00c8 stato un arresto piuttosto brusco e traumatico direi, e da allora \u00e8 quasi passato un anno. Anche Max in questi otto mesi ha fatto poca montagna, ed \u00e8 stato \u201csingolare\u201d ritrovarci tutti e due fuoriforma, dopo esserci lasciati il 21 Aprile a Grindelwald, appena scesi dalla parete N dell&#8217;Eiger. Allora i ritmi erano altri (qui s&#8217;invecchia ragazzi, gli acciacchi si fanno sentire!).<\/p>\n<p>Cohesion \u00e8 una cascata bellissima che si forma raramente. La bassa quota e l&#8217;enorme cono di valanga sopra la colata non sono propizi alla formazione del ghiaccio. Il flusso si risolve in tre tiri lunghi, mai estremi. Il ghiaccio duro ci ha reso la salita un po\u2019 pi\u00f9 faticosa, ma la scalata \u00e8 sempre godibile e mai pericolosa\u2026 in queste condizioni!<\/p>\n<p>\u00c8 come sempre un piacere scalare con Max, tutto procede liscio e veloce, non c&#8217;\u00e8 bisogno di dirgli nulla! Oggi con noi, c&#8217;erano anche Giampiero e Aldo che hanno mantenuto l\u2019atmosfera allegra come sempre.<\/p>\n<\/div>\n","protected":false},"excerpt":{"rendered":"<p>Cosa dire? Ormai \u00e8 una corsa alla chicca di stagione\u2026 La breve parentesi polare \u00e8 finita, questa mattina le temperature toccavano gli 8 gradi alle 7:30. Un giorno ci si crede in Alaska e un giorno ai tropici! Un clima davvero strano! Le velleit\u00e0 di salire prima Pape Satan si sono subito spente, e la [&hellip;]<\/p>\n","protected":false},"author":2,"featured_media":1520,"comment_status":"closed","ping_status":"closed","sticky":false,"template":"","format":"standard","meta":{"_acf_changed":false,"_et_pb_use_builder":"","_et_pb_old_content":"","_et_gb_content_width":"","footnotes":""},"categories":[8,12],"tags":[],"class_list":["post-1519","post","type-post","status-publish","format-standard","has-post-thumbnail","hentry","category-blog","category-ghiaccio"],"acf":[],"_links":{"self":[{"href":"https:\/\/www.enricobonino.com\/en\/wp-json\/wp\/v2\/posts\/1519","targetHints":{"allow":["GET"]}}],"collection":[{"href":"https:\/\/www.enricobonino.com\/en\/wp-json\/wp\/v2\/posts"}],"about":[{"href":"https:\/\/www.enricobonino.com\/en\/wp-json\/wp\/v2\/types\/post"}],"author":[{"embeddable":true,"href":"https:\/\/www.enricobonino.com\/en\/wp-json\/wp\/v2\/users\/2"}],"replies":[{"embeddable":true,"href":"https:\/\/www.enricobonino.com\/en\/wp-json\/wp\/v2\/comments?post=1519"}],"version-history":[{"count":0,"href":"https:\/\/www.enricobonino.com\/en\/wp-json\/wp\/v2\/posts\/1519\/revisions"}],"wp:featuredmedia":[{"embeddable":true,"href":"https:\/\/www.enricobonino.com\/en\/wp-json\/wp\/v2\/media\/1520"}],"wp:attachment":[{"href":"https:\/\/www.enricobonino.com\/en\/wp-json\/wp\/v2\/media?parent=1519"}],"wp:term":[{"taxonomy":"category","embeddable":true,"href":"https:\/\/www.enricobonino.com\/en\/wp-json\/wp\/v2\/categories?post=1519"},{"taxonomy":"post_tag","embeddable":true,"href":"https:\/\/www.enricobonino.com\/en\/wp-json\/wp\/v2\/tags?post=1519"}],"curies":[{"name":"wp","href":"https:\/\/api.w.org\/{rel}","templated":true}]}}